{"id":2350,"date":"2024-03-23T02:40:15","date_gmt":"2024-03-23T02:40:15","guid":{"rendered":"http:\/\/mge.ubiobio.cl\/?p=2350"},"modified":"2025-04-14T18:55:12","modified_gmt":"2025-04-14T18:55:12","slug":"jornada-de-graduados-as-mge-2024-chillan","status":"publish","type":"post","link":"http:\/\/mge.ubiobio.cl\/index.php\/jornada-de-graduados-as-mge-2024-chillan\/","title":{"rendered":"JORNADA DE GRADUADOS\/AS MGE 2024 CHILL\u00c1N"},"content":{"rendered":"\n<figure class=\"wp-block-gallery aligncenter has-nested-images columns-default is-cropped wp-block-gallery-1 is-layout-flex wp-block-gallery-is-layout-flex\"><div class=\"wp-block-image is-style-default\">\n<figure class=\"aligncenter size-full\"><img loading=\"lazy\" decoding=\"async\" width=\"265\" height=\"199\" data-id=\"2352\" src=\"http:\/\/mge.ubiobio.cl\/wp-content\/uploads\/2024\/03\/Imagen1-1.jpg\" alt=\"\" class=\"wp-image-2352\"\/><\/figure>\n<\/div><\/figure>\n\n\n\n<p>El Mag\u00edster en Gesti\u00f3n de Empresas, realiz\u00f3 una Jornada de Graduados\/as el viernes 22 de marzo del a\u00f1o 2024 en Chill\u00e1n. En dicha jornada particip\u00f3 la directora del programa, <strong>Sra. Nataly Gui\u00f1ez<\/strong>, Directora del MGE en Chill\u00e1n y profesores. En esta instancia, los egresados\/as del programa pudieron compartir con sus compa\u00f1eros\/as y recibieron las palabras de la Directiva del Centro de Graduados\/as del Mag\u00edster en Gesti\u00f3n de Empresas. Igualmente, los graduados\/as respondieron una encuesta del programa, la cual es parte del mejoramiento continuo del MGE. &nbsp;En dicha jornada, el Programa junto a la Presidenta del Centro de Graduados\/as MGE entreg\u00f3 un reconocimiento al mejor compa\u00f1ero\/a del MGE 2023, el cual fue elegido de forma participativa entre sus pares, entregando este reconocimiento a la <strong>Srta. Javiera Rebeco<\/strong>. El Programa invit\u00f3 a sus graduados\/as a ser parte del proceso de autoevaluaci\u00f3n del programa y a mantener un v\u00ednculo permanente con el Mag\u00edster en Gesti\u00f3n de Empresas.<\/p>\n","protected":false},"excerpt":{"rendered":"<p>El Mag\u00edster en Gesti\u00f3n de Empresas, realiz\u00f3 una Jornada de Graduados\/as el viernes 22 de marzo del a\u00f1o 2024 en Chill\u00e1n. En dicha jornada particip\u00f3 la directora del programa, Sra. Nataly Gui\u00f1ez, Directora del MGE en Chill\u00e1n y profesores. En esta instancia, los egresados\/as del programa pudieron compartir con sus compa\u00f1eros\/as y recibieron las palabras [&hellip;]<\/p>\n","protected":false},"author":4,"featured_media":2353,"comment_status":"open","ping_status":"open","sticky":false,"template":"","format":"standard","meta":{"footnotes":""},"categories":[1],"tags":[],"class_list":["post-2350","post","type-post","status-publish","format-standard","has-post-thumbnail","hentry","category-noticias"],"_links":{"self":[{"href":"http:\/\/mge.ubiobio.cl\/index.php\/wp-json\/wp\/v2\/posts\/2350","targetHints":{"allow":["GET"]}}],"collection":[{"href":"http:\/\/mge.ubiobio.cl\/index.php\/wp-json\/wp\/v2\/posts"}],"about":[{"href":"http:\/\/mge.ubiobio.cl\/index.php\/wp-json\/wp\/v2\/types\/post"}],"author":[{"embeddable":true,"href":"http:\/\/mge.ubiobio.cl\/index.php\/wp-json\/wp\/v2\/users\/4"}],"replies":[{"embeddable":true,"href":"http:\/\/mge.ubiobio.cl\/index.php\/wp-json\/wp\/v2\/comments?post=2350"}],"version-history":[{"count":3,"href":"http:\/\/mge.ubiobio.cl\/index.php\/wp-json\/wp\/v2\/posts\/2350\/revisions"}],"predecessor-version":[{"id":2357,"href":"http:\/\/mge.ubiobio.cl\/index.php\/wp-json\/wp\/v2\/posts\/2350\/revisions\/2357"}],"wp:featuredmedia":[{"embeddable":true,"href":"http:\/\/mge.ubiobio.cl\/index.php\/wp-json\/wp\/v2\/media\/2353"}],"wp:attachment":[{"href":"http:\/\/mge.ubiobio.cl\/index.php\/wp-json\/wp\/v2\/media?parent=2350"}],"wp:term":[{"taxonomy":"category","embeddable":true,"href":"http:\/\/mge.ubiobio.cl\/index.php\/wp-json\/wp\/v2\/categories?post=2350"},{"taxonomy":"post_tag","embeddable":true,"href":"http:\/\/mge.ubiobio.cl\/index.php\/wp-json\/wp\/v2\/tags?post=2350"}],"curies":[{"name":"wp","href":"https:\/\/api.w.org\/{rel}","templated":true}]}}