{"id":4655,"date":"2026-08-21T17:55:28","date_gmt":"2026-08-21T17:55:28","guid":{"rendered":"https:\/\/mge.ubiobio.cl\/?p=4655"},"modified":"2026-08-31T17:19:53","modified_gmt":"2026-08-31T17:19:53","slug":"seminario-orientaciones-para-la-insercion-laboral-organizado-por-el-centro-de-graduados-as-mge-para-estudiantes-y-graduados-as","status":"publish","type":"post","link":"http:\/\/mge.ubiobio.cl\/index.php\/seminario-orientaciones-para-la-insercion-laboral-organizado-por-el-centro-de-graduados-as-mge-para-estudiantes-y-graduados-as\/","title":{"rendered":"Seminario \u201cOrientaciones para la Inserci\u00f3n Laboral\u201d organizado por el Centro de Graduados\/as MGE para Estudiantes y Graduados\/as"},"content":{"rendered":"\n<p>El <strong>Mag\u00edster en Gesti\u00f3n de Empresas (MGE) de la Universidad del B\u00edo-B\u00edo<\/strong>, a trav\u00e9s de su <strong>Centro de Graduados y Graduadas<\/strong>, realiz\u00f3 el seminario <strong>\u201cOrientaciones para la inserci\u00f3n laboral\u201d<\/strong>, dirigido a estudiantes, egresados y egresadas del programa. La actividad tuvo como prop\u00f3sito entregar herramientas pr\u00e1cticas para fortalecer el posicionamiento profesional y facilitar los procesos de inserci\u00f3n en el mercado laboral. El seminario fue impartido por <strong>Francisca Dur\u00e1n Parra, Psic\u00f3loga Laboral<\/strong>, quien abord\u00f3 aspectos relevantes para una b\u00fasqueda laboral efectiva, entre ellos la elaboraci\u00f3n de un curr\u00edculum vitae adecuado, las principales diferencias entre los procesos de postulaci\u00f3n al sector p\u00fablico y privado, y la documentaci\u00f3n necesaria para enfrentar distintas oportunidades laborales. La actividad se desarroll\u00f3 en modalidad h\u00edbrida, de forma presencial para Concepci\u00f3n y telem\u00e1tica para Chill\u00e1n, favoreciendo la participaci\u00f3n de integrantes de la comunidad MGE de ambas sedes y de sus distintas generaciones. Esta iniciativa refleja el compromiso del <strong>Centro de Graduados y Graduadas MGE<\/strong> con el acompa\u00f1amiento y desarrollo profesional de sus integrantes, generando espacios de aprendizaje, actualizaci\u00f3n y networking. Asimismo, contribuye a mantener y fortalecer los v\u00ednculos entre estudiantes, graduados\/as y el programa, consolidando una comunidad MGE activa y conectada con los desaf\u00edos actuales del mundo laboral.<\/p>\n\n\n\n<figure class=\"wp-block-gallery has-nested-images columns-2 is-cropped wp-block-gallery-1 is-layout-flex wp-block-gallery-is-layout-flex\">\n<figure class=\"wp-block-image size-large\"><img loading=\"lazy\" decoding=\"async\" width=\"589\" height=\"442\" data-id=\"4659\" src=\"https:\/\/mge.ubiobio.cl\/wp-content\/uploads\/Imagen2-4.jpg\" alt=\"\" class=\"wp-image-4659\" srcset=\"http:\/\/mge.ubiobio.cl\/wp-content\/uploads\/Imagen2-4.jpg 589w, http:\/\/mge.ubiobio.cl\/wp-content\/uploads\/Imagen2-4-400x300.jpg 400w\" sizes=\"auto, (max-width: 589px) 100vw, 589px\" \/><\/figure>\n\n\n\n<figure class=\"wp-block-image size-large\"><img loading=\"lazy\" decoding=\"async\" width=\"589\" height=\"372\" data-id=\"4660\" src=\"https:\/\/mge.ubiobio.cl\/wp-content\/uploads\/Imagen3-9.png\" alt=\"\" class=\"wp-image-4660\" srcset=\"http:\/\/mge.ubiobio.cl\/wp-content\/uploads\/Imagen3-9.png 589w, http:\/\/mge.ubiobio.cl\/wp-content\/uploads\/Imagen3-9-475x300.png 475w\" sizes=\"auto, (max-width: 589px) 100vw, 589px\" \/><\/figure>\n\n\n\n<figure class=\"wp-block-image size-large\"><img loading=\"lazy\" decoding=\"async\" width=\"589\" height=\"312\" data-id=\"4658\" src=\"https:\/\/mge.ubiobio.cl\/wp-content\/uploads\/Imagen4-8.png\" alt=\"\" class=\"wp-image-4658\" srcset=\"http:\/\/mge.ubiobio.cl\/wp-content\/uploads\/Imagen4-8.png 589w, http:\/\/mge.ubiobio.cl\/wp-content\/uploads\/Imagen4-8-566x300.png 566w, http:\/\/mge.ubiobio.cl\/wp-content\/uploads\/Imagen4-8-285x150.png 285w\" sizes=\"auto, (max-width: 589px) 100vw, 589px\" \/><\/figure>\n\n\n\n<figure class=\"wp-block-image size-large\"><img loading=\"lazy\" decoding=\"async\" width=\"589\" height=\"327\" data-id=\"4661\" src=\"https:\/\/mge.ubiobio.cl\/wp-content\/uploads\/Imagen1-11.png\" alt=\"\" class=\"wp-image-4661\" srcset=\"http:\/\/mge.ubiobio.cl\/wp-content\/uploads\/Imagen1-11.png 589w, http:\/\/mge.ubiobio.cl\/wp-content\/uploads\/Imagen1-11-540x300.png 540w\" sizes=\"auto, (max-width: 589px) 100vw, 589px\" \/><\/figure>\n<\/figure>\n","protected":false},"excerpt":{"rendered":"<p>El Mag\u00edster en Gesti\u00f3n de Empresas (MGE) de la Universidad del B\u00edo-B\u00edo, a trav\u00e9s de su Centro de Graduados y Graduadas, realiz\u00f3 el seminario \u201cOrientaciones para la inserci\u00f3n laboral\u201d, dirigido a estudiantes, egresados y egresadas del programa. La actividad tuvo como prop\u00f3sito entregar herramientas pr\u00e1cticas para fortalecer el posicionamiento profesional y facilitar los procesos de [&hellip;]<\/p>\n","protected":false},"author":9,"featured_media":4656,"comment_status":"open","ping_status":"open","sticky":false,"template":"","format":"standard","meta":{"footnotes":""},"categories":[47,1],"tags":[],"class_list":["post-4655","post","type-post","status-publish","format-standard","has-post-thumbnail","hentry","category-centro-de-graduados","category-noticias"],"_links":{"self":[{"href":"http:\/\/mge.ubiobio.cl\/index.php\/wp-json\/wp\/v2\/posts\/4655","targetHints":{"allow":["GET"]}}],"collection":[{"href":"http:\/\/mge.ubiobio.cl\/index.php\/wp-json\/wp\/v2\/posts"}],"about":[{"href":"http:\/\/mge.ubiobio.cl\/index.php\/wp-json\/wp\/v2\/types\/post"}],"author":[{"embeddable":true,"href":"http:\/\/mge.ubiobio.cl\/index.php\/wp-json\/wp\/v2\/users\/9"}],"replies":[{"embeddable":true,"href":"http:\/\/mge.ubiobio.cl\/index.php\/wp-json\/wp\/v2\/comments?post=4655"}],"version-history":[{"count":3,"href":"http:\/\/mge.ubiobio.cl\/index.php\/wp-json\/wp\/v2\/posts\/4655\/revisions"}],"predecessor-version":[{"id":4665,"href":"http:\/\/mge.ubiobio.cl\/index.php\/wp-json\/wp\/v2\/posts\/4655\/revisions\/4665"}],"wp:featuredmedia":[{"embeddable":true,"href":"http:\/\/mge.ubiobio.cl\/index.php\/wp-json\/wp\/v2\/media\/4656"}],"wp:attachment":[{"href":"http:\/\/mge.ubiobio.cl\/index.php\/wp-json\/wp\/v2\/media?parent=4655"}],"wp:term":[{"taxonomy":"category","embeddable":true,"href":"http:\/\/mge.ubiobio.cl\/index.php\/wp-json\/wp\/v2\/categories?post=4655"},{"taxonomy":"post_tag","embeddable":true,"href":"http:\/\/mge.ubiobio.cl\/index.php\/wp-json\/wp\/v2\/tags?post=4655"}],"curies":[{"name":"wp","href":"https:\/\/api.w.org\/{rel}","templated":true}]}}