{"id":4666,"date":"2026-08-21T18:02:18","date_gmt":"2026-08-21T18:02:18","guid":{"rendered":"https:\/\/mge.ubiobio.cl\/?p=4666"},"modified":"2026-08-31T17:20:31","modified_gmt":"2026-08-31T17:20:31","slug":"mge-inicia-el-segundo-semestre-2026-con-orientacion-para-sus-estudiantes","status":"publish","type":"post","link":"http:\/\/mge.ubiobio.cl\/index.php\/mge-inicia-el-segundo-semestre-2026-con-orientacion-para-sus-estudiantes\/","title":{"rendered":"MGE inicia el segundo semestre 2026 con orientaci\u00f3n para sus estudiantes"},"content":{"rendered":"\n<p>El <strong>Mag\u00edster en Gesti\u00f3n de Empresas (MGE) de la Universidad del B\u00edo-B\u00edo<\/strong> realiz\u00f3 el viernes 21 de agosto de 2026 una reuni\u00f3n con sus estudiantes de las sedes de <strong>Concepci\u00f3n y Chill\u00e1n<\/strong>, dando inicio al segundo semestre acad\u00e9mico con una jornada de orientaci\u00f3n y coordinaci\u00f3n. Durante el encuentro se revisaron los horarios y modalidades de las asignaturas, junto con aspectos relevantes del <strong>Reglamento MGE, Perfil de Egreso, Plan de Desarrollo y Plan de Mejoramiento<\/strong> del programa. Asimismo, se presentaron los nombres de la directiva del <strong>Centro de Graduados\/as MGE (CGMGE)<\/strong> y se incentiv\u00f3 la participaci\u00f3n de los estudiantes en congresos, seminarios y otras actividades acad\u00e9micas, adem\u00e1s de mantener informada a la comunidad a trav\u00e9s de la p\u00e1gina web del programa. La jornada tambi\u00e9n permiti\u00f3 compartir los resultados de la encuesta sobre la participaci\u00f3n de graduados\/as en clases durante el primer semestre y comunicar que durante el segundo semestre se continuar\u00e1 fortaleciendo esta iniciativa, incorporando su participaci\u00f3n en la asignatura <strong>Integraci\u00f3n de Procesos de Negocios<\/strong> en ambas sedes. Adem\u00e1s, se abordaron las visitas a empresas y la participaci\u00f3n de invitados\/as como instancias para acercar a los estudiantes a experiencias reales de gesti\u00f3n. En materia de progresi\u00f3n estudiantil y <strong>Actividad Formativa Equivalente (AFE)<\/strong>, se informaron mecanismos de seguimiento mediante reuniones grupales e individuales. Finalmente, se entregaron orientaciones acad\u00e9micas relacionadas con el env\u00edo de anteproyectos AFE al Comit\u00e9 de \u00c9tica Cient\u00edfico UBB, el porcentaje m\u00e1ximo de similitud permitido en los Trabajos de Grado y el requisito de acreditar un nivel de ingl\u00e9s B1 para la graduaci\u00f3n. Esta instancia reafirma el compromiso del MGE con el acompa\u00f1amiento, la orientaci\u00f3n y la mejora continua de la experiencia formativa de sus estudiantes.<\/p>\n\n\n\n<figure class=\"wp-block-gallery has-nested-images columns-default is-cropped wp-block-gallery-1 is-layout-flex wp-block-gallery-is-layout-flex\">\n<figure class=\"wp-block-image size-large\"><img loading=\"lazy\" decoding=\"async\" width=\"589\" height=\"344\" data-id=\"4673\" src=\"https:\/\/mge.ubiobio.cl\/wp-content\/uploads\/Imagen5-9.png\" alt=\"\" class=\"wp-image-4673\" srcset=\"http:\/\/mge.ubiobio.cl\/wp-content\/uploads\/Imagen5-9.png 589w, http:\/\/mge.ubiobio.cl\/wp-content\/uploads\/Imagen5-9-514x300.png 514w\" sizes=\"auto, (max-width: 589px) 100vw, 589px\" \/><\/figure>\n\n\n\n<figure class=\"wp-block-image size-large\"><img loading=\"lazy\" decoding=\"async\" width=\"589\" height=\"442\" data-id=\"4674\" src=\"https:\/\/mge.ubiobio.cl\/wp-content\/uploads\/Imagen10-5.jpg\" alt=\"\" class=\"wp-image-4674\" srcset=\"http:\/\/mge.ubiobio.cl\/wp-content\/uploads\/Imagen10-5.jpg 589w, http:\/\/mge.ubiobio.cl\/wp-content\/uploads\/Imagen10-5-400x300.jpg 400w\" sizes=\"auto, (max-width: 589px) 100vw, 589px\" \/><\/figure>\n<\/figure>\n\n\n\n<p><\/p>\n\n\n<div class=\"wp-block-image\">\n<figure class=\"aligncenter size-full is-resized\"><img loading=\"lazy\" decoding=\"async\" width=\"589\" height=\"402\" src=\"http:\/\/mge.ubiobio.cl\/wp-content\/uploads\/Imagen8-5.png\" alt=\"\" class=\"wp-image-4670\" style=\"aspect-ratio:1.4652491642696106;width:840px;height:auto\" srcset=\"http:\/\/mge.ubiobio.cl\/wp-content\/uploads\/Imagen8-5.png 589w, http:\/\/mge.ubiobio.cl\/wp-content\/uploads\/Imagen8-5-440x300.png 440w\" sizes=\"auto, (max-width: 589px) 100vw, 589px\" \/><\/figure>\n<\/div>\n\n\n<figure class=\"wp-block-gallery has-nested-images columns-default is-cropped wp-block-gallery-2 is-layout-flex wp-block-gallery-is-layout-flex\">\n<figure class=\"wp-block-image size-full\"><img loading=\"lazy\" decoding=\"async\" width=\"589\" height=\"323\" data-id=\"4669\" src=\"https:\/\/mge.ubiobio.cl\/wp-content\/uploads\/Imagen9-2.png\" alt=\"\" class=\"wp-image-4669\" srcset=\"http:\/\/mge.ubiobio.cl\/wp-content\/uploads\/Imagen9-2.png 589w, http:\/\/mge.ubiobio.cl\/wp-content\/uploads\/Imagen9-2-547x300.png 547w\" sizes=\"auto, (max-width: 589px) 100vw, 589px\" \/><\/figure>\n<\/figure>\n","protected":false},"excerpt":{"rendered":"<p>El Mag\u00edster en Gesti\u00f3n de Empresas (MGE) de la Universidad del B\u00edo-B\u00edo realiz\u00f3 el viernes 21 de agosto de 2026 una reuni\u00f3n con sus estudiantes de las sedes de Concepci\u00f3n y Chill\u00e1n, dando inicio al segundo semestre acad\u00e9mico con una jornada de orientaci\u00f3n y coordinaci\u00f3n. Durante el encuentro se revisaron los horarios y modalidades de [&hellip;]<\/p>\n","protected":false},"author":9,"featured_media":4667,"comment_status":"open","ping_status":"open","sticky":false,"template":"","format":"standard","meta":{"footnotes":""},"categories":[47,1],"tags":[],"class_list":["post-4666","post","type-post","status-publish","format-standard","has-post-thumbnail","hentry","category-centro-de-graduados","category-noticias"],"_links":{"self":[{"href":"http:\/\/mge.ubiobio.cl\/index.php\/wp-json\/wp\/v2\/posts\/4666","targetHints":{"allow":["GET"]}}],"collection":[{"href":"http:\/\/mge.ubiobio.cl\/index.php\/wp-json\/wp\/v2\/posts"}],"about":[{"href":"http:\/\/mge.ubiobio.cl\/index.php\/wp-json\/wp\/v2\/types\/post"}],"author":[{"embeddable":true,"href":"http:\/\/mge.ubiobio.cl\/index.php\/wp-json\/wp\/v2\/users\/9"}],"replies":[{"embeddable":true,"href":"http:\/\/mge.ubiobio.cl\/index.php\/wp-json\/wp\/v2\/comments?post=4666"}],"version-history":[{"count":4,"href":"http:\/\/mge.ubiobio.cl\/index.php\/wp-json\/wp\/v2\/posts\/4666\/revisions"}],"predecessor-version":[{"id":4679,"href":"http:\/\/mge.ubiobio.cl\/index.php\/wp-json\/wp\/v2\/posts\/4666\/revisions\/4679"}],"wp:featuredmedia":[{"embeddable":true,"href":"http:\/\/mge.ubiobio.cl\/index.php\/wp-json\/wp\/v2\/media\/4667"}],"wp:attachment":[{"href":"http:\/\/mge.ubiobio.cl\/index.php\/wp-json\/wp\/v2\/media?parent=4666"}],"wp:term":[{"taxonomy":"category","embeddable":true,"href":"http:\/\/mge.ubiobio.cl\/index.php\/wp-json\/wp\/v2\/categories?post=4666"},{"taxonomy":"post_tag","embeddable":true,"href":"http:\/\/mge.ubiobio.cl\/index.php\/wp-json\/wp\/v2\/tags?post=4666"}],"curies":[{"name":"wp","href":"https:\/\/api.w.org\/{rel}","templated":true}]}}