{"id":4680,"date":"2026-08-18T18:09:27","date_gmt":"2026-08-18T18:09:27","guid":{"rendered":"https:\/\/mge.ubiobio.cl\/?p=4680"},"modified":"2026-08-31T17:19:25","modified_gmt":"2026-08-31T17:19:25","slug":"mge-coordina-asignaturas-electivas-para-fortalecer-la-formacion-de-sus-estudiantes","status":"publish","type":"post","link":"http:\/\/mge.ubiobio.cl\/index.php\/mge-coordina-asignaturas-electivas-para-fortalecer-la-formacion-de-sus-estudiantes\/","title":{"rendered":"MGE coordina asignaturas electivas para fortalecer la formaci\u00f3n de sus estudiantes"},"content":{"rendered":"\n<p>El <strong>Mag\u00edster en Gesti\u00f3n de Empresas (MGE) de la Universidad del B\u00edo-B\u00edo<\/strong> realiz\u00f3 el 18 de agosto de 2026 una jornada de coordinaci\u00f3n acad\u00e9mica entre ambas sedes, orientada a planificar las asignaturas electivas correspondientes al segundo semestre del programa. En la instancia participaron la directora del MGE, <strong>Dra. Patricia Huerta<\/strong>, y la <strong>Srta.<\/strong> <strong>Yocelyn Correa y Srta. Ver\u00f3nica Pe\u00f1a<\/strong>, quienes revisaron la programaci\u00f3n, contenidos, evaluaciones y calendario de las asignaturas. Para este per\u00edodo, los\/as estudiantes podr\u00e1n optar por los electivos <strong>Gesti\u00f3n del Cambio<\/strong> y <strong>Gesti\u00f3n Estrat\u00e9gica del Capital Humano, Compensaciones y Riesgo Laboral<\/strong>, los que se desarrollar\u00e1n los d\u00edas s\u00e1bado de 08:00 a 11:00 horas. Asimismo, se estableci\u00f3 una modalidad presencial articulada entre ambas sedes, quedando adem\u00e1s disponibles los materiales en la plataforma correspondiente, entre otros aspectos de aseguramiento de la calidad propios del programa. Las clases del segundo semestre se iniciar\u00e1n el <strong>21 de agosto<\/strong>, mientras que los electivos comenzar\u00e1n el <strong>s\u00e1bado 22 de agosto de 2026<\/strong>. Esta planificaci\u00f3n refleja el compromiso del MGE con una formaci\u00f3n integrada entre Concepci\u00f3n y Chill\u00e1n, fortaleciendo la coordinaci\u00f3n acad\u00e9mica y asegurando oportunidades de aprendizaje coherentes y de calidad para sus estudiantes.<\/p>\n\n\n<div class=\"wp-block-image\">\n<figure class=\"aligncenter size-full is-resized\"><img loading=\"lazy\" decoding=\"async\" width=\"589\" height=\"338\" src=\"http:\/\/mge.ubiobio.cl\/wp-content\/uploads\/Imagen11-3.png\" alt=\"\" class=\"wp-image-4681\" style=\"aspect-ratio:1.7426378808191947;width:840px;height:auto\" srcset=\"http:\/\/mge.ubiobio.cl\/wp-content\/uploads\/Imagen11-3.png 589w, http:\/\/mge.ubiobio.cl\/wp-content\/uploads\/Imagen11-3-523x300.png 523w\" sizes=\"auto, (max-width: 589px) 100vw, 589px\" \/><\/figure>\n<\/div>","protected":false},"excerpt":{"rendered":"<p>El Mag\u00edster en Gesti\u00f3n de Empresas (MGE) de la Universidad del B\u00edo-B\u00edo realiz\u00f3 el 18 de agosto de 2026 una jornada de coordinaci\u00f3n acad\u00e9mica entre ambas sedes, orientada a planificar las asignaturas electivas correspondientes al segundo semestre del programa. En la instancia participaron la directora del MGE, Dra. Patricia Huerta, y la Srta. Yocelyn Correa [&hellip;]<\/p>\n","protected":false},"author":9,"featured_media":4681,"comment_status":"open","ping_status":"open","sticky":false,"template":"","format":"standard","meta":{"footnotes":""},"categories":[1],"tags":[],"class_list":["post-4680","post","type-post","status-publish","format-standard","has-post-thumbnail","hentry","category-noticias"],"_links":{"self":[{"href":"http:\/\/mge.ubiobio.cl\/index.php\/wp-json\/wp\/v2\/posts\/4680","targetHints":{"allow":["GET"]}}],"collection":[{"href":"http:\/\/mge.ubiobio.cl\/index.php\/wp-json\/wp\/v2\/posts"}],"about":[{"href":"http:\/\/mge.ubiobio.cl\/index.php\/wp-json\/wp\/v2\/types\/post"}],"author":[{"embeddable":true,"href":"http:\/\/mge.ubiobio.cl\/index.php\/wp-json\/wp\/v2\/users\/9"}],"replies":[{"embeddable":true,"href":"http:\/\/mge.ubiobio.cl\/index.php\/wp-json\/wp\/v2\/comments?post=4680"}],"version-history":[{"count":1,"href":"http:\/\/mge.ubiobio.cl\/index.php\/wp-json\/wp\/v2\/posts\/4680\/revisions"}],"predecessor-version":[{"id":4682,"href":"http:\/\/mge.ubiobio.cl\/index.php\/wp-json\/wp\/v2\/posts\/4680\/revisions\/4682"}],"wp:featuredmedia":[{"embeddable":true,"href":"http:\/\/mge.ubiobio.cl\/index.php\/wp-json\/wp\/v2\/media\/4681"}],"wp:attachment":[{"href":"http:\/\/mge.ubiobio.cl\/index.php\/wp-json\/wp\/v2\/media?parent=4680"}],"wp:term":[{"taxonomy":"category","embeddable":true,"href":"http:\/\/mge.ubiobio.cl\/index.php\/wp-json\/wp\/v2\/categories?post=4680"},{"taxonomy":"post_tag","embeddable":true,"href":"http:\/\/mge.ubiobio.cl\/index.php\/wp-json\/wp\/v2\/tags?post=4680"}],"curies":[{"name":"wp","href":"https:\/\/api.w.org\/{rel}","templated":true}]}}