{"id":4687,"date":"2026-08-27T01:47:08","date_gmt":"2026-08-27T01:47:08","guid":{"rendered":"https:\/\/mge.ubiobio.cl\/?p=4687"},"modified":"2026-09-03T01:58:21","modified_gmt":"2026-09-03T01:58:21","slug":"graduada-del-mge-comparte-su-experiencia-profesional-con-estudiantes-de-ambas-sedes-embajadora-mge-srta-paula-vasquez-torres","status":"publish","type":"post","link":"http:\/\/mge.ubiobio.cl\/index.php\/graduada-del-mge-comparte-su-experiencia-profesional-con-estudiantes-de-ambas-sedes-embajadora-mge-srta-paula-vasquez-torres\/","title":{"rendered":"Graduada del MGE comparte su experiencia profesional con estudiantes de ambas sedes: Embajadora MGE Srta. Paula V\u00e1squez Torres"},"content":{"rendered":"\n<p>El <strong>Mag\u00edster en Gesti\u00f3n de Empresas (MGE) de la Universidad del B\u00edo-B\u00edo<\/strong> contin\u00faa fortaleciendo el v\u00ednculo con su comunidad de graduados\/as mediante la iniciativa <strong>\u201cEmbajadores MGE\u201d<\/strong>, espacio que permite a quienes han finalizado el programa compartir sus experiencias acad\u00e9micas y profesionales, adem\u00e1s de orientar y responder consultas de las nuevas generaciones. En este contexto, el <strong>27 de agosto de 2026<\/strong>, una destacada graduada del programa, <strong>Srta. Paula V\u00e1squez Torres<\/strong>, particip\u00f3 en una charla dirigida a estudiantes de las sedes de <strong>Concepci\u00f3n y Chill\u00e1n<\/strong>, generando un espacio de conversaci\u00f3n y aprendizaje en torno a su experiencia como estudiante y posterior desarrollo profesional. Durante el encuentro, la Embajadora comparti\u00f3 conocimientos, aprendizajes y recomendaciones vinculadas a su trayectoria, destacando el aporte de la formaci\u00f3n recibida en el MGE para enfrentar desaf\u00edos profesionales y desarrollar nuevas oportunidades. Asimismo, manifest\u00f3 su disposici\u00f3n para mantener el contacto con los estudiantes y brindar orientaci\u00f3n frente a inquietudes relacionadas con el programa, el desarrollo profesional y las experiencias posteriores a la graduaci\u00f3n. Esta iniciativa constituye una valiosa instancia de <strong>networking y acompa\u00f1amiento entre generaciones<\/strong>, permitiendo que los estudiantes conozcan experiencias reales de quienes ya han recorrido el camino formativo del MGE. Con ello, el programa reafirma su compromiso con una comunidad de graduados\/as activa y vinculada permanentemente, fortaleciendo las redes profesionales, el aprendizaje colaborativo y el sentido de pertenencia que caracteriza al Mag\u00edster en Gesti\u00f3n de Empresas.<\/p>\n\n\n\n<figure class=\"wp-block-gallery has-nested-images columns-1 is-cropped wp-block-gallery-1 is-layout-flex wp-block-gallery-is-layout-flex\">\n<figure class=\"wp-block-image size-large\"><img loading=\"lazy\" decoding=\"async\" width=\"736\" height=\"355\" data-id=\"4698\" src=\"https:\/\/mge.ubiobio.cl\/wp-content\/uploads\/Imagen2-14.png\" alt=\"\" class=\"wp-image-4698\" srcset=\"http:\/\/mge.ubiobio.cl\/wp-content\/uploads\/Imagen2-14.png 736w, http:\/\/mge.ubiobio.cl\/wp-content\/uploads\/Imagen2-14-622x300.png 622w\" sizes=\"auto, (max-width: 736px) 100vw, 736px\" \/><\/figure>\n\n\n\n<figure class=\"wp-block-image size-large\"><img loading=\"lazy\" decoding=\"async\" width=\"589\" height=\"289\" data-id=\"4697\" src=\"https:\/\/mge.ubiobio.cl\/wp-content\/uploads\/Imagen3-10.png\" alt=\"\" class=\"wp-image-4697\"\/><\/figure>\n\n\n\n<figure class=\"wp-block-image size-large\"><img loading=\"lazy\" decoding=\"async\" width=\"589\" height=\"288\" data-id=\"4693\" src=\"https:\/\/mge.ubiobio.cl\/wp-content\/uploads\/Imagen4-9.png\" alt=\"\" class=\"wp-image-4693\"\/><\/figure>\n\n\n\n<figure class=\"wp-block-image size-large\"><img loading=\"lazy\" decoding=\"async\" width=\"587\" height=\"440\" data-id=\"4696\" src=\"https:\/\/mge.ubiobio.cl\/wp-content\/uploads\/Imagen5-5.jpg\" alt=\"\" class=\"wp-image-4696\" srcset=\"http:\/\/mge.ubiobio.cl\/wp-content\/uploads\/Imagen5-5.jpg 587w, http:\/\/mge.ubiobio.cl\/wp-content\/uploads\/Imagen5-5-400x300.jpg 400w\" sizes=\"auto, (max-width: 587px) 100vw, 587px\" \/><\/figure>\n\n\n\n<figure class=\"wp-block-image size-large\"><img loading=\"lazy\" decoding=\"async\" width=\"589\" height=\"283\" data-id=\"4695\" src=\"https:\/\/mge.ubiobio.cl\/wp-content\/uploads\/Imagen6-7.png\" alt=\"\" class=\"wp-image-4695\"\/><\/figure>\n\n\n\n<figure class=\"wp-block-image size-large\"><img loading=\"lazy\" decoding=\"async\" width=\"589\" height=\"307\" data-id=\"4691\" src=\"https:\/\/mge.ubiobio.cl\/wp-content\/uploads\/Imagen7-6.png\" alt=\"\" class=\"wp-image-4691\" srcset=\"http:\/\/mge.ubiobio.cl\/wp-content\/uploads\/Imagen7-6.png 589w, http:\/\/mge.ubiobio.cl\/wp-content\/uploads\/Imagen7-6-576x300.png 576w, http:\/\/mge.ubiobio.cl\/wp-content\/uploads\/Imagen7-6-285x150.png 285w\" sizes=\"auto, (max-width: 589px) 100vw, 589px\" \/><\/figure>\n\n\n\n<figure class=\"wp-block-image size-large\"><img loading=\"lazy\" decoding=\"async\" width=\"589\" height=\"442\" data-id=\"4694\" src=\"https:\/\/mge.ubiobio.cl\/wp-content\/uploads\/Imagen8-3.jpg\" alt=\"\" class=\"wp-image-4694\" srcset=\"http:\/\/mge.ubiobio.cl\/wp-content\/uploads\/Imagen8-3.jpg 589w, http:\/\/mge.ubiobio.cl\/wp-content\/uploads\/Imagen8-3-400x300.jpg 400w\" sizes=\"auto, (max-width: 589px) 100vw, 589px\" \/><\/figure>\n<\/figure>\n","protected":false},"excerpt":{"rendered":"<p>El Mag\u00edster en Gesti\u00f3n de Empresas (MGE) de la Universidad del B\u00edo-B\u00edo contin\u00faa fortaleciendo el v\u00ednculo con su comunidad de graduados\/as mediante la iniciativa \u201cEmbajadores MGE\u201d, espacio que permite a quienes han finalizado el programa compartir sus experiencias acad\u00e9micas y profesionales, adem\u00e1s de orientar y responder consultas de las nuevas generaciones. En este contexto, el [&hellip;]<\/p>\n","protected":false},"author":9,"featured_media":4688,"comment_status":"open","ping_status":"open","sticky":false,"template":"","format":"standard","meta":{"footnotes":""},"categories":[1],"tags":[],"class_list":["post-4687","post","type-post","status-publish","format-standard","has-post-thumbnail","hentry","category-noticias"],"_links":{"self":[{"href":"http:\/\/mge.ubiobio.cl\/index.php\/wp-json\/wp\/v2\/posts\/4687","targetHints":{"allow":["GET"]}}],"collection":[{"href":"http:\/\/mge.ubiobio.cl\/index.php\/wp-json\/wp\/v2\/posts"}],"about":[{"href":"http:\/\/mge.ubiobio.cl\/index.php\/wp-json\/wp\/v2\/types\/post"}],"author":[{"embeddable":true,"href":"http:\/\/mge.ubiobio.cl\/index.php\/wp-json\/wp\/v2\/users\/9"}],"replies":[{"embeddable":true,"href":"http:\/\/mge.ubiobio.cl\/index.php\/wp-json\/wp\/v2\/comments?post=4687"}],"version-history":[{"count":4,"href":"http:\/\/mge.ubiobio.cl\/index.php\/wp-json\/wp\/v2\/posts\/4687\/revisions"}],"predecessor-version":[{"id":4703,"href":"http:\/\/mge.ubiobio.cl\/index.php\/wp-json\/wp\/v2\/posts\/4687\/revisions\/4703"}],"wp:featuredmedia":[{"embeddable":true,"href":"http:\/\/mge.ubiobio.cl\/index.php\/wp-json\/wp\/v2\/media\/4688"}],"wp:attachment":[{"href":"http:\/\/mge.ubiobio.cl\/index.php\/wp-json\/wp\/v2\/media?parent=4687"}],"wp:term":[{"taxonomy":"category","embeddable":true,"href":"http:\/\/mge.ubiobio.cl\/index.php\/wp-json\/wp\/v2\/categories?post=4687"},{"taxonomy":"post_tag","embeddable":true,"href":"http:\/\/mge.ubiobio.cl\/index.php\/wp-json\/wp\/v2\/tags?post=4687"}],"curies":[{"name":"wp","href":"https:\/\/api.w.org\/{rel}","templated":true}]}}