{"id":3688,"date":"2025-10-24T18:08:56","date_gmt":"2025-10-24T18:08:56","guid":{"rendered":"https:\/\/mge.ubiobio.cl\/?p=3688"},"modified":"2025-10-27T18:35:02","modified_gmt":"2025-10-27T18:35:02","slug":"mge-destaca-en-congreso-internacional-cladirs-con-participacion-academica-y-reconocimiento-a-graduado-del-programa","status":"publish","type":"post","link":"https:\/\/mge.ubiobio.cl\/index.php\/mge-destaca-en-congreso-internacional-cladirs-con-participacion-academica-y-reconocimiento-a-graduado-del-programa\/","title":{"rendered":"MGE destaca en Congreso Internacional CLADIRS con participaci\u00f3n acad\u00e9mica y reconocimiento a graduado del programa"},"content":{"rendered":"\n<p>El <strong>Mag\u00edster en Gesti\u00f3n de Empresas (MGE)<\/strong> de la <strong>Universidad del B\u00edo-B\u00edo<\/strong> tuvo una destacada participaci\u00f3n en el <strong>Congreso Latinoamericano de Docentes e Investigadores en Responsabilidad Social (CLADIRS)<\/strong>, realizado los d\u00edas <strong>23 y 24 de octubre 2025<\/strong>, instancia que reuni\u00f3 a acad\u00e9micos\/as, investigadores\/as y profesionales comprometidos con la sostenibilidad y la gesti\u00f3n responsable.<\/p>\n\n\n\n<p>El evento cont\u00f3 con la organizaci\u00f3n del <strong>Dr. Fernando Morales<\/strong>, acad\u00e9mico del n\u00facleo del MGE, quien valor\u00f3 la activa participaci\u00f3n de <strong>profesores, estudiantes y graduados\/as<\/strong> del programa en esta importante jornada internacional.<\/p>\n\n\n\n<p>En representaci\u00f3n del estudiantado, la <strong>Srta. Mariela Riquelme Morales<\/strong>, estudiante del MGE, asisti\u00f3 a las ponencias y tuvo la oportunidad de intercambiar experiencias con los\/as expositores\/as internacionales, fortaleciendo as\u00ed su formaci\u00f3n acad\u00e9mica y profesional. Asimismo, la <strong>Dra. Patricia Huerta<\/strong>, directora del MGE sede Concepci\u00f3n, present\u00f3 la ponencia titulada <strong>\u201cPrioridades investigativas en torno a los ODS: tendencias globales\u201d<\/strong>, donde abord\u00f3 los principales desaf\u00edos de la investigaci\u00f3n en gesti\u00f3n y sostenibilidad desde la perspectiva de los Objetivos de Desarrollo Sostenible (ODS).<\/p>\n\n\n\n<p>Con especial orgullo, el programa comparti\u00f3 el <strong>reconocimiento otorgado al graduado del MGE, Sr. Tom\u00e1s Zapata<\/strong>, por sus destacadas contribuciones acad\u00e9micas en el evento. Sus trabajos, titulados <em>\u201cLa influencia de la transparencia corporativa y la digitalizaci\u00f3n en la percepci\u00f3n y prevalencia del greenwashing: una revisi\u00f3n sistem\u00e1tica\u201d<\/em> y <em>\u201cEl impacto del greenwashing en las percepciones y reacciones de los stakeholders: un enfoque experimental de la comunicaci\u00f3n ambiental\u201d<\/em>, fueron distinguidos por su aporte al an\u00e1lisis cr\u00edtico de la comunicaci\u00f3n ambiental empresarial. En estas investigaciones particip\u00f3 un equipo de trabajo integrado, entre otros, por la <strong>Dra. Nataly Gui\u00f1ez<\/strong>, directora del MGE sede Chill\u00e1n.<\/p>\n\n\n\n<p>La presencia del Mag\u00edster en Gesti\u00f3n de Empresas en el CLADIRS 2025 reafirma su compromiso con la <strong>formaci\u00f3n, investigaci\u00f3n y vinculaci\u00f3n en torno a la responsabilidad social, la sostenibilidad y la \u00e9tica organizacional<\/strong>, ejes fundamentales en la formaci\u00f3n de l\u00edderes empresariales con impacto social positivo.<\/p>\n\n\n\n<figure class=\"wp-block-gallery has-nested-images columns-2 is-cropped wp-block-gallery-1 is-layout-flex wp-block-gallery-is-layout-flex\">\n<figure class=\"wp-block-image size-large\"><img loading=\"lazy\" decoding=\"async\" width=\"640\" height=\"480\" data-id=\"3694\" src=\"https:\/\/mge.ubiobio.cl\/wp-content\/uploads\/IMG_5649.jpg\" alt=\"\" class=\"wp-image-3694\" srcset=\"https:\/\/mge.ubiobio.cl\/wp-content\/uploads\/IMG_5649.jpg 640w, https:\/\/mge.ubiobio.cl\/wp-content\/uploads\/IMG_5649-400x300.jpg 400w\" sizes=\"auto, (max-width: 640px) 100vw, 640px\" \/><\/figure>\n\n\n\n<figure class=\"wp-block-image size-large\"><img loading=\"lazy\" decoding=\"async\" width=\"640\" height=\"480\" data-id=\"3693\" src=\"https:\/\/mge.ubiobio.cl\/wp-content\/uploads\/IMG_5648.jpg\" alt=\"\" class=\"wp-image-3693\" srcset=\"https:\/\/mge.ubiobio.cl\/wp-content\/uploads\/IMG_5648.jpg 640w, https:\/\/mge.ubiobio.cl\/wp-content\/uploads\/IMG_5648-400x300.jpg 400w\" sizes=\"auto, (max-width: 640px) 100vw, 640px\" \/><\/figure>\n\n\n\n<figure class=\"wp-block-image size-large\"><img loading=\"lazy\" decoding=\"async\" width=\"640\" height=\"480\" data-id=\"3695\" src=\"https:\/\/mge.ubiobio.cl\/wp-content\/uploads\/IMG_5694.jpg\" alt=\"\" class=\"wp-image-3695\" srcset=\"https:\/\/mge.ubiobio.cl\/wp-content\/uploads\/IMG_5694.jpg 640w, https:\/\/mge.ubiobio.cl\/wp-content\/uploads\/IMG_5694-400x300.jpg 400w\" sizes=\"auto, (max-width: 640px) 100vw, 640px\" \/><\/figure>\n\n\n\n<figure class=\"wp-block-image size-large\"><img loading=\"lazy\" decoding=\"async\" width=\"640\" height=\"480\" data-id=\"3699\" src=\"https:\/\/mge.ubiobio.cl\/wp-content\/uploads\/IMG_5691.jpg\" alt=\"\" class=\"wp-image-3699\" srcset=\"https:\/\/mge.ubiobio.cl\/wp-content\/uploads\/IMG_5691.jpg 640w, https:\/\/mge.ubiobio.cl\/wp-content\/uploads\/IMG_5691-400x300.jpg 400w\" sizes=\"auto, (max-width: 640px) 100vw, 640px\" \/><\/figure>\n\n\n\n<figure class=\"wp-block-image size-large\"><img loading=\"lazy\" decoding=\"async\" width=\"768\" height=\"1024\" data-id=\"3689\" src=\"https:\/\/mge.ubiobio.cl\/wp-content\/uploads\/61c02672-396c-4ff2-bcad-8d44ae743564-768x1024.jpg\" alt=\"\" class=\"wp-image-3689\" srcset=\"https:\/\/mge.ubiobio.cl\/wp-content\/uploads\/61c02672-396c-4ff2-bcad-8d44ae743564-768x1024.jpg 768w, https:\/\/mge.ubiobio.cl\/wp-content\/uploads\/61c02672-396c-4ff2-bcad-8d44ae743564-225x300.jpg 225w, https:\/\/mge.ubiobio.cl\/wp-content\/uploads\/61c02672-396c-4ff2-bcad-8d44ae743564.jpg 960w\" sizes=\"auto, (max-width: 768px) 100vw, 768px\" \/><\/figure>\n\n\n\n<figure class=\"wp-block-image size-large\"><img loading=\"lazy\" decoding=\"async\" width=\"768\" height=\"1024\" data-id=\"3690\" src=\"https:\/\/mge.ubiobio.cl\/wp-content\/uploads\/92b31b04-5a45-48b7-ae52-8f11339476f0-768x1024.jpg\" alt=\"\" class=\"wp-image-3690\" srcset=\"https:\/\/mge.ubiobio.cl\/wp-content\/uploads\/92b31b04-5a45-48b7-ae52-8f11339476f0-768x1024.jpg 768w, https:\/\/mge.ubiobio.cl\/wp-content\/uploads\/92b31b04-5a45-48b7-ae52-8f11339476f0-225x300.jpg 225w, https:\/\/mge.ubiobio.cl\/wp-content\/uploads\/92b31b04-5a45-48b7-ae52-8f11339476f0.jpg 960w\" sizes=\"auto, (max-width: 768px) 100vw, 768px\" \/><\/figure>\n\n\n\n<figure class=\"wp-block-image size-large\"><img loading=\"lazy\" decoding=\"async\" width=\"640\" height=\"480\" data-id=\"3700\" src=\"https:\/\/mge.ubiobio.cl\/wp-content\/uploads\/IMG_5647.jpg\" alt=\"\" class=\"wp-image-3700\" srcset=\"https:\/\/mge.ubiobio.cl\/wp-content\/uploads\/IMG_5647.jpg 640w, https:\/\/mge.ubiobio.cl\/wp-content\/uploads\/IMG_5647-400x300.jpg 400w\" sizes=\"auto, (max-width: 640px) 100vw, 640px\" \/><\/figure>\n\n\n\n<figure class=\"wp-block-image size-large\"><img loading=\"lazy\" decoding=\"async\" width=\"640\" height=\"480\" data-id=\"3692\" src=\"https:\/\/mge.ubiobio.cl\/wp-content\/uploads\/a9be08c2-f42d-4ab8-bed7-f6d8f1cfdeb9.jpg\" alt=\"\" class=\"wp-image-3692\" srcset=\"https:\/\/mge.ubiobio.cl\/wp-content\/uploads\/a9be08c2-f42d-4ab8-bed7-f6d8f1cfdeb9.jpg 640w, https:\/\/mge.ubiobio.cl\/wp-content\/uploads\/a9be08c2-f42d-4ab8-bed7-f6d8f1cfdeb9-400x300.jpg 400w\" sizes=\"auto, (max-width: 640px) 100vw, 640px\" \/><\/figure>\n<\/figure>\n\n\n\n<p><\/p>\n","protected":false},"excerpt":{"rendered":"<p>El Mag\u00edster en Gesti\u00f3n de Empresas (MGE) de la Universidad del B\u00edo-B\u00edo tuvo una destacada participaci\u00f3n en el Congreso Latinoamericano de Docentes e Investigadores en Responsabilidad Social (CLADIRS), realizado los d\u00edas 23 y 24 de octubre 2025, instancia que reuni\u00f3 a acad\u00e9micos\/as, investigadores\/as y profesionales comprometidos con la sostenibilidad y la gesti\u00f3n responsable. El evento [&hellip;]<\/p>\n","protected":false},"author":8,"featured_media":3696,"comment_status":"open","ping_status":"open","sticky":false,"template":"","format":"standard","meta":{"footnotes":""},"categories":[37,1],"tags":[],"class_list":["post-3688","post","type-post","status-publish","format-standard","has-post-thumbnail","hentry","category-destacado","category-noticias"],"_links":{"self":[{"href":"https:\/\/mge.ubiobio.cl\/index.php\/wp-json\/wp\/v2\/posts\/3688","targetHints":{"allow":["GET"]}}],"collection":[{"href":"https:\/\/mge.ubiobio.cl\/index.php\/wp-json\/wp\/v2\/posts"}],"about":[{"href":"https:\/\/mge.ubiobio.cl\/index.php\/wp-json\/wp\/v2\/types\/post"}],"author":[{"embeddable":true,"href":"https:\/\/mge.ubiobio.cl\/index.php\/wp-json\/wp\/v2\/users\/8"}],"replies":[{"embeddable":true,"href":"https:\/\/mge.ubiobio.cl\/index.php\/wp-json\/wp\/v2\/comments?post=3688"}],"version-history":[{"count":2,"href":"https:\/\/mge.ubiobio.cl\/index.php\/wp-json\/wp\/v2\/posts\/3688\/revisions"}],"predecessor-version":[{"id":3701,"href":"https:\/\/mge.ubiobio.cl\/index.php\/wp-json\/wp\/v2\/posts\/3688\/revisions\/3701"}],"wp:featuredmedia":[{"embeddable":true,"href":"https:\/\/mge.ubiobio.cl\/index.php\/wp-json\/wp\/v2\/media\/3696"}],"wp:attachment":[{"href":"https:\/\/mge.ubiobio.cl\/index.php\/wp-json\/wp\/v2\/media?parent=3688"}],"wp:term":[{"taxonomy":"category","embeddable":true,"href":"https:\/\/mge.ubiobio.cl\/index.php\/wp-json\/wp\/v2\/categories?post=3688"},{"taxonomy":"post_tag","embeddable":true,"href":"https:\/\/mge.ubiobio.cl\/index.php\/wp-json\/wp\/v2\/tags?post=3688"}],"curies":[{"name":"wp","href":"https:\/\/api.w.org\/{rel}","templated":true}]}}